{"id":152,"date":"2018-02-08T10:08:46","date_gmt":"2018-02-08T10:08:46","guid":{"rendered":"http:\/\/blog.alexanderknickmeier.de\/?p=152"},"modified":"2018-07-08T12:30:20","modified_gmt":"2018-07-08T12:30:20","slug":"gelesen-johann-holtrop-von-rainald-goetz","status":"publish","type":"post","link":"http:\/\/blog.alexanderknickmeier.de\/?p=152","title":{"rendered":"[gelesen]  Johann Holtrop von Rainald Goetz"},"content":{"rendered":"<p>Als Lesestoff f\u00fcr die Zeit &#8222;zwischen den Jahren&#8220; bekam ich das Buch &#8222;Johann Holtrop&#8220; von Rainald Goetz geschenkt. Darin wird das Wirken und letztlich der Abstieg von &#8211; der Titel sagt es &#8211; Johann Holtrop, Vorstandsvorsitzender der fiktiven Assperg AG, einem gro\u00dfen Medienkonzern in der Zeit rund um die DotCom-Blase, beschrieben &#8211; in Anlehnung an Thomas Middelhoff bei Bertelsmann.<\/p>\n<p>Besser als ich kann nat\u00fcrlich Iris Radisch den Inhalt zusammenfassen:<\/p>\n<p><iframe loading=\"lazy\" src=\"\/\/players.brightcove.net\/18140073001\/65fa926a-0fe0-4031-8cbf-9db35cecf64a_default\/index.html?videoId=1833353030001\" width=\"900\" height=\"450\" frameborder=\"0\" allowfullscreen=\"allowfullscreen\"><\/iframe><\/p>\n<p>Radisch hat recht: Das Buch lebt von der Beschreibung der Machtbeziehungen zwischen den Figuren, die voller gegenseitiger Verachtung miteinander umgehen.<\/p>\n<p>Die Story selbst bleibt dabei trotz aller hektischen Betriebsamkeit der Figuren jedoch relativ ereignisarm. Obwohl dies dem Roman <a href=\"https:\/\/www.perlentaucher.de\/buch\/rainald-goetz\/johann-holtrop.html\">in vielen Rezensionen<\/a> vorgeworfen wurde, halte ich es f\u00fcr denkbar, dass hier Absicht dahinter steckt und der Widerspruch zwischen der st\u00e4ndigen Jagd der Figuren nach neuen Superlativen und der tats\u00e4chlichen Eint\u00f6nigkeit der provinziellen Firmenstandorte unterstrichen werden soll. Wirklich&nbsp;negativ aufgefallen sind mir auch das &#8211; wie Radisch es nennt &#8211; &#8222;Klappern mit den Hauptfiguren&#8220;. Teilweise v\u00f6llig willk\u00fcrlich tauchen pl\u00f6tzlich Realfiguren wie Gerhard Schr\u00f6der kurz auf, wahrscheinlich in einem Versuch, den Zeitgeist der Nuller-Jahre zu unterstreichen. Dies wirkte sehr bem\u00fcht. Auch wurde der Absturz und die psychische Krankheit Holztops zu abrupt beschrieben. Da kam ich dann am Ende nicht mehr so ganz mit.<\/p>\n<p>Dennoch ist es ein sehr lesenswertes Buch mit vielen bitterb\u00f6sen Textpassagen, bei denen man selbst im schlecht gelaunten Pendlerzug ein Grinsen oft nicht unterdr\u00fccken kann.<\/p>\n","protected":false},"excerpt":{"rendered":"<p>Als Lesestoff f\u00fcr die Zeit &#8222;zwischen den Jahren&#8220; bekam ich das Buch &#8222;Johann Holtrop&#8220; von Rainald Goetz geschenkt. Darin wird das Wirken und letztlich der Abstieg von &#8211; der Titel sagt es &#8211; Johann Holtrop, Vorstandsvorsitzender der fiktiven Assperg AG, einem gro\u00dfen Medienkonzern in der Zeit rund um die DotCom-Blase, beschrieben &#8211; in Anlehnung an [&hellip;]<\/p>\n","protected":false},"author":1,"featured_media":157,"comment_status":"open","ping_status":"open","sticky":false,"template":"","format":"standard","meta":{"ngg_post_thumbnail":0},"categories":[10],"tags":[],"jetpack_featured_media_url":"http:\/\/blog.alexanderknickmeier.de\/wp-content\/uploads\/2018\/01\/537_img1.jpg","_links":{"self":[{"href":"http:\/\/blog.alexanderknickmeier.de\/index.php?rest_route=\/wp\/v2\/posts\/152"}],"collection":[{"href":"http:\/\/blog.alexanderknickmeier.de\/index.php?rest_route=\/wp\/v2\/posts"}],"about":[{"href":"http:\/\/blog.alexanderknickmeier.de\/index.php?rest_route=\/wp\/v2\/types\/post"}],"author":[{"embeddable":true,"href":"http:\/\/blog.alexanderknickmeier.de\/index.php?rest_route=\/wp\/v2\/users\/1"}],"replies":[{"embeddable":true,"href":"http:\/\/blog.alexanderknickmeier.de\/index.php?rest_route=%2Fwp%2Fv2%2Fcomments&post=152"}],"version-history":[{"count":7,"href":"http:\/\/blog.alexanderknickmeier.de\/index.php?rest_route=\/wp\/v2\/posts\/152\/revisions"}],"predecessor-version":[{"id":208,"href":"http:\/\/blog.alexanderknickmeier.de\/index.php?rest_route=\/wp\/v2\/posts\/152\/revisions\/208"}],"wp:featuredmedia":[{"embeddable":true,"href":"http:\/\/blog.alexanderknickmeier.de\/index.php?rest_route=\/wp\/v2\/media\/157"}],"wp:attachment":[{"href":"http:\/\/blog.alexanderknickmeier.de\/index.php?rest_route=%2Fwp%2Fv2%2Fmedia&parent=152"}],"wp:term":[{"taxonomy":"category","embeddable":true,"href":"http:\/\/blog.alexanderknickmeier.de\/index.php?rest_route=%2Fwp%2Fv2%2Fcategories&post=152"},{"taxonomy":"post_tag","embeddable":true,"href":"http:\/\/blog.alexanderknickmeier.de\/index.php?rest_route=%2Fwp%2Fv2%2Ftags&post=152"}],"curies":[{"name":"wp","href":"https:\/\/api.w.org\/{rel}","templated":true}]}}