{"id":210,"date":"2018-07-08T12:28:55","date_gmt":"2018-07-08T12:28:55","guid":{"rendered":"http:\/\/blog.alexanderknickmeier.de\/?p=210"},"modified":"2018-07-08T12:34:40","modified_gmt":"2018-07-08T12:34:40","slug":"gelesen-eric-vuillard-die-tagesordnung","status":"publish","type":"post","link":"http:\/\/blog.alexanderknickmeier.de\/?p=210","title":{"rendered":"[gelesen] Die Tagesordnung von \u00c9ric Vuillard"},"content":{"rendered":"<p>\u00c9ric Vuillard ist daf\u00fcr bekannt, historische Ereignisse ins Zentrum seiner Erz\u00e4hlungen zu stellen. Sein neuestes Buch, mit dem er den letztj\u00e4hrigen Prix Goncourt gewann, L&#8217;Ordre du jour \/ Die Tagesordnung, spielt in der Zeit vor Ausbruch des 2. Weltkrieges und thematisiert u.a. das Geheimtreffen der deutschen Wirtschaftselite mit Hitler nach der Macht\u00fcbernahme 1933 sowie die Umst\u00e4nde der Annexion \u00d6sterreichs.<\/p>\n<p>Statt einer trockenen historisch exakten Darstellung, werden die Ereignisse jedoch romanhaft in eine Erz\u00e4hlung eingebettet. Vuillard gelingt es, die unterschiedlichen Episoden bereits nach wenigen S\u00e4tzen mit Leben zu f\u00fcllen. Diese Erz\u00e4hlform hat einen gewissen Eigenwert. Auch wenn im Buch keine wirklich neuen Erkenntnisse ans Licht gebracht werden, gelingt es auf besonders plastische Weise, in das Geschehene einzutauchen und hinter die Fassade der Geschichtsschreibung zu blicken. Und so werden die Unzul\u00e4nglichkeiten und Schw\u00e4chen der vermeintlich Wichtigen und M\u00e4chtigen gen\u00fcsslich seziert, die Propaganda des triumphalen Einmarsches der Wehrmacht wird zum logistischen Desaster.<\/p>\n<p>Auch wenn sich aus Sicht der Geschichtswissenschaft sicherlich die Frage stellen l\u00e4sst, ob die so pr\u00e4sentierten Anekdoten immer in jedem Detail historisch belastbar sind, wird das Buch zumindest zu keinem Zeitpunkt langweilig und bietet einen interessanten und nahegehenden Eindruck von den damaligen Ereignissen.<\/p>\n<p><a href=\"https:\/\/www.perlentaucher.de\/buch\/eric-vuillard\/die-tagesordnung.html\">Rezensionen zum Buch findet man hier<\/a><\/p>\n<p><a href=\"https:\/\/www.zdf.de\/kultur\/aspekte\/videos\/eric-vuillard-die-tagesordnung-102.html\">Ein Beitrag von Aspekte gibt es hier (verf\u00fcgbar bis zum 23.03.2019)<\/a><\/p>\n","protected":false},"excerpt":{"rendered":"<p>\u00c9ric Vuillard ist daf\u00fcr bekannt, historische Ereignisse ins Zentrum seiner Erz\u00e4hlungen zu stellen. Sein neuestes Buch, mit dem er den letztj\u00e4hrigen Prix Goncourt gewann, L&#8217;Ordre du jour \/ Die Tagesordnung, spielt in der Zeit vor Ausbruch des 2. Weltkrieges und thematisiert u.a. das Geheimtreffen der deutschen Wirtschaftselite mit Hitler nach der Macht\u00fcbernahme 1933 sowie die [&hellip;]<\/p>\n","protected":false},"author":1,"featured_media":211,"comment_status":"open","ping_status":"open","sticky":false,"template":"","format":"standard","meta":{"ngg_post_thumbnail":0},"categories":[10],"tags":[],"jetpack_featured_media_url":"http:\/\/blog.alexanderknickmeier.de\/wp-content\/uploads\/2018\/07\/Die-Tagesordnung-Cover.jpg","_links":{"self":[{"href":"http:\/\/blog.alexanderknickmeier.de\/index.php?rest_route=\/wp\/v2\/posts\/210"}],"collection":[{"href":"http:\/\/blog.alexanderknickmeier.de\/index.php?rest_route=\/wp\/v2\/posts"}],"about":[{"href":"http:\/\/blog.alexanderknickmeier.de\/index.php?rest_route=\/wp\/v2\/types\/post"}],"author":[{"embeddable":true,"href":"http:\/\/blog.alexanderknickmeier.de\/index.php?rest_route=\/wp\/v2\/users\/1"}],"replies":[{"embeddable":true,"href":"http:\/\/blog.alexanderknickmeier.de\/index.php?rest_route=%2Fwp%2Fv2%2Fcomments&post=210"}],"version-history":[{"count":3,"href":"http:\/\/blog.alexanderknickmeier.de\/index.php?rest_route=\/wp\/v2\/posts\/210\/revisions"}],"predecessor-version":[{"id":214,"href":"http:\/\/blog.alexanderknickmeier.de\/index.php?rest_route=\/wp\/v2\/posts\/210\/revisions\/214"}],"wp:featuredmedia":[{"embeddable":true,"href":"http:\/\/blog.alexanderknickmeier.de\/index.php?rest_route=\/wp\/v2\/media\/211"}],"wp:attachment":[{"href":"http:\/\/blog.alexanderknickmeier.de\/index.php?rest_route=%2Fwp%2Fv2%2Fmedia&parent=210"}],"wp:term":[{"taxonomy":"category","embeddable":true,"href":"http:\/\/blog.alexanderknickmeier.de\/index.php?rest_route=%2Fwp%2Fv2%2Fcategories&post=210"},{"taxonomy":"post_tag","embeddable":true,"href":"http:\/\/blog.alexanderknickmeier.de\/index.php?rest_route=%2Fwp%2Fv2%2Ftags&post=210"}],"curies":[{"name":"wp","href":"https:\/\/api.w.org\/{rel}","templated":true}]}}