{"id":239,"date":"2019-07-29T15:02:54","date_gmt":"2019-07-29T15:02:54","guid":{"rendered":"http:\/\/blog.alexanderknickmeier.de\/?p=239"},"modified":"2019-07-29T15:03:41","modified_gmt":"2019-07-29T15:03:41","slug":"earth-overshoot-day-2019","status":"publish","type":"post","link":"http:\/\/blog.alexanderknickmeier.de\/?p=239","title":{"rendered":"Earth Overshoot Day 2019"},"content":{"rendered":"\n<p>Heute ist globaler Erd\u00fcberlastungstag. Rein rechnerisch hat die Menschheit an diesem Tag so viele Ressourcen verbraucht, wie in diesem Jahr nachwachsen k\u00f6nnen. Jeder weitere Konsum ist also nicht mehr nachhaltig.<\/p>\n\n\n\n<p>Und: Der Tag ist immer fr\u00fcher. So war er im vergangenen Jahr noch am 2. August, w\u00e4hrend er bspw. 1987 noch auf den 19. Dezember fiel.<\/p>\n\n\n\n<p>Wiedermal Anlass, \u00fcber den eigenen Ressourcenverbrauch nachzudenken und von Entscheidungstr\u00e4gerInnen einzufordern, bestehende Strukturen zu ver\u00e4ndern, im Betrieb, im Viertel, in der Kommune, im Land und auf europ\u00e4ischer Ebene.<\/p>\n\n\n\n<p>\u00dcbrigends: Der deutsche Erd\u00fcberlastungstag war bereits am 3. Mai. W\u00fcrden alle Menschen so wie der Durchschnittsdeutsche leben, w\u00e4ren schon an diesem Datum alle Ressourcen f\u00fcr diese Jahr verbraucht.<\/p>\n\n\n\n<p>Dazu passender Doku-Tipp: <\/p>\n\n\n\n<figure class=\"wp-block-image\"><a href=\"https:\/\/www.arte.tv\/de\/videos\/073938-000-A\/die-erdzerstoerer\/?_branch_match_id=673950733980947491\"><img loading=\"lazy\" width=\"923\" height=\"775\" src=\"http:\/\/blog.alexanderknickmeier.de\/wp-content\/uploads\/2019\/07\/Screenshot-2019-07-29-16.57.27.png\" alt=\"\" class=\"wp-image-240\" srcset=\"http:\/\/blog.alexanderknickmeier.de\/wp-content\/uploads\/2019\/07\/Screenshot-2019-07-29-16.57.27.png 923w, http:\/\/blog.alexanderknickmeier.de\/wp-content\/uploads\/2019\/07\/Screenshot-2019-07-29-16.57.27-300x252.png 300w, http:\/\/blog.alexanderknickmeier.de\/wp-content\/uploads\/2019\/07\/Screenshot-2019-07-29-16.57.27-768x645.png 768w, http:\/\/blog.alexanderknickmeier.de\/wp-content\/uploads\/2019\/07\/Screenshot-2019-07-29-16.57.27-114x96.png 114w\" sizes=\"(max-width: 923px) 100vw, 923px\" \/><\/a><\/figure>\n","protected":false},"excerpt":{"rendered":"<p>Heute ist globaler Erd\u00fcberlastungstag. Rein rechnerisch hat die Menschheit an diesem Tag so viele Ressourcen verbraucht, wie in diesem Jahr nachwachsen k\u00f6nnen. Jeder weitere Konsum ist also nicht mehr nachhaltig. Und: Der Tag ist immer fr\u00fcher. So war er im vergangenen Jahr noch am 2. August, w\u00e4hrend er bspw. 1987 noch auf den 19. Dezember [&hellip;]<\/p>\n","protected":false},"author":1,"featured_media":242,"comment_status":"open","ping_status":"open","sticky":false,"template":"","format":"standard","meta":{"ngg_post_thumbnail":0},"categories":[17],"tags":[16],"jetpack_featured_media_url":"http:\/\/blog.alexanderknickmeier.de\/wp-content\/uploads\/2019\/07\/earth-724319_1920.jpg","_links":{"self":[{"href":"http:\/\/blog.alexanderknickmeier.de\/index.php?rest_route=\/wp\/v2\/posts\/239"}],"collection":[{"href":"http:\/\/blog.alexanderknickmeier.de\/index.php?rest_route=\/wp\/v2\/posts"}],"about":[{"href":"http:\/\/blog.alexanderknickmeier.de\/index.php?rest_route=\/wp\/v2\/types\/post"}],"author":[{"embeddable":true,"href":"http:\/\/blog.alexanderknickmeier.de\/index.php?rest_route=\/wp\/v2\/users\/1"}],"replies":[{"embeddable":true,"href":"http:\/\/blog.alexanderknickmeier.de\/index.php?rest_route=%2Fwp%2Fv2%2Fcomments&post=239"}],"version-history":[{"count":2,"href":"http:\/\/blog.alexanderknickmeier.de\/index.php?rest_route=\/wp\/v2\/posts\/239\/revisions"}],"predecessor-version":[{"id":243,"href":"http:\/\/blog.alexanderknickmeier.de\/index.php?rest_route=\/wp\/v2\/posts\/239\/revisions\/243"}],"wp:featuredmedia":[{"embeddable":true,"href":"http:\/\/blog.alexanderknickmeier.de\/index.php?rest_route=\/wp\/v2\/media\/242"}],"wp:attachment":[{"href":"http:\/\/blog.alexanderknickmeier.de\/index.php?rest_route=%2Fwp%2Fv2%2Fmedia&parent=239"}],"wp:term":[{"taxonomy":"category","embeddable":true,"href":"http:\/\/blog.alexanderknickmeier.de\/index.php?rest_route=%2Fwp%2Fv2%2Fcategories&post=239"},{"taxonomy":"post_tag","embeddable":true,"href":"http:\/\/blog.alexanderknickmeier.de\/index.php?rest_route=%2Fwp%2Fv2%2Ftags&post=239"}],"curies":[{"name":"wp","href":"https:\/\/api.w.org\/{rel}","templated":true}]}}