{"id":303,"date":"2021-01-26T19:49:11","date_gmt":"2021-01-26T19:49:11","guid":{"rendered":"http:\/\/blog.alexanderknickmeier.de\/?p=303"},"modified":"2021-01-26T19:58:19","modified_gmt":"2021-01-26T19:58:19","slug":"sowimussbleiben","status":"publish","type":"post","link":"http:\/\/blog.alexanderknickmeier.de\/?p=303","title":{"rendered":"#SowiMussBleiben"},"content":{"rendered":"\n<p>Ich hatte das Gl\u00fcck, in Bochum und Madrid Wirtschafts- und Sozialwissenschaften zu studieren und promoviere gerade im Fach Soziologie an der Uni Duisburg-Essen.<\/p>\n\n\n\n<p>Die Abschaffung des Schulfachs Sozialwissenschaft in der gymnasialen Oberstufe in NRW, die das Schulministerium gerade plant, finde ich nicht nur deshalb einen echten Skandal.<\/p>\n\n\n\n<p>1. Die ideologische Verengung des Faches auf das Thema Wirtschaft schw\u00e4cht die M\u00f6glichkeiten der Sch\u00fclerinnen und Sch\u00fcler f\u00fcr ein breites Verst\u00e4ndnis von Gesellschaft. Mit Blick auf die USA, auf rechtspopulistische Str\u00f6mungen in vielen L\u00e4ndern oder auf so manche Aluhut-Demos, ist dieses Verst\u00e4ndnis jedoch n\u00f6tiger denn je. Viele Sch\u00fclerInnen verlieren mit dem Schulfach Sowi wichtige Impulse f\u00fcr eine erste eigene Politisierung. Dieser wichtige Bildungsprozess darf nicht den Angeboten von Youtube, Facebook oder Telegram \u00fcberlassen werden.<\/p>\n\n\n\n<p>2. Die Abschaffung schw\u00e4cht die sozialwissenschaftlichen Lehrst\u00fchle und Forschungsinstitute in NRW signifikant, indem sie zu Personal- und Studierendenreduktionen f\u00fchrt. Angesichts vieler &#8211; durchaus traditionsreicher &#8211; Institutionen in NRW ein Verlust f\u00fcr die deutsche Forschungslandschaft.<\/p>\n\n\n\n<p>3. Schafft es Unsicherheit bei den Lehramts Studierenden dar\u00fcber, ob sie mit den aktuellen Curricula sp\u00e4ter die Lehrbef\u00e4higung f\u00fcr das neue Fach erhalten. Dort ist Widerspr\u00fcchliches aus dem Ministerium zu h\u00f6ren.Oppositionsparteien, Gewerkschaften und Verb\u00e4nde laufen gegen die Pl\u00e4ne Sturm. Exemplarisch bef\u00fcrchtet die Deutsche Gesellschaft f\u00fcr Soziologie, &#8222;diese Vorgabe des Ministeriums liefe darauf hinaus, die Soziologie als einen eigenst\u00e4ndigen fachwissenschaftlichen Zugang zu Gesellschaft, Wirtschaft und Politik aus dem Lehramtsstudiengang f\u00fcr die F\u00e4cher Politik, Wirtschaft-Politik, Gesellschaftslehre und Sozialwissenschaften zu entfernen.&#8220;<\/p>\n\n\n\n<p>Die Lage f\u00fcr das Fach ist also ernst und die Konsequenzen darauf, ob und wie die nachwachsenden Generationen mit einer immer komplexer werdenden Gesellschaft zurecht kommen, sind gravierend.<\/p>\n\n\n\n<p>Ich habe daher eine Petition gegen die Abschaffung des Fachs Sozialwissenschaften unterschrieben und es w\u00fcrde mich freuen, wenn ihr das auch tun w\u00fcrdet.<\/p>\n\n\n\n<p><a rel=\"noreferrer noopener\" href=\"https:\/\/l.facebook.com\/l.php?u=http%3A%2F%2Fchng.it%2FVsr9ps9hkH%3Ffbclid%3DIwAR1dgxtHCFgqE_WczITr4ruTK6rjrs9zypN42282NTbNIu6UtDwba2rDB5c&amp;h=AT3WQT-V_zSLklYQ2gL4BnPGvhXDbuoHDXWvYwJbJCJ0H7rDDD376XgLBIyXYyDeuGddkuWpoUFqIUOwpCbIdgbPyHvIVGtJz0zwaGOXudS8sMw3zJO_h6dARdzn2oTy2alPlQTS&amp;__tn__=-UK-R&amp;c[0]=AT2yWH1NuBvNKYEYDnJ_Ag4YF59MgaExVZwUDC1Yx1lpme4xrL5VKJb36zs2znQDz8YmvujY08VTr8ntcAFmb8xhYN6gYBv3ufyYvZr224r-udUBie1w3-cRtcq7kVGpFohMH-4q7S9KwLp_PDJ2C7Op11B0ZpwqZRcwwA6YVUdTampvKbhPWW78\" target=\"_blank\">http:\/\/chng.it\/Vsr9ps9hkH<\/a><\/p>\n\n\n\n<p>Weitere Infos zum Thema gibt es zum Beispiel auf der Seite<br>der Deutschen Gesellschaft f\u00fcr Soziologie, der Deutschen Vereinigung f\u00fcr Politische Bildung und auch &#8211; ganz lokal &#8211; von den Bochumer Jusos:<\/p>\n\n\n\n<p><a href=\"https:\/\/soziologie.de\/aktuell\/news\/kritik-an-der-marginalisierung-von-soziologie-im-lehramtsstudium-fuer-sozialwissenschaftliche-schulfaecher-in-nordrhein-westfalen\">https:\/\/soziologie.de\/aktuell\/news\/kritik-an-der-marginalisierung-von-soziologie-im-lehramtsstudium-fuer-sozialwissenschaftliche-schulfaecher-in-nordrhein-westfalen<\/a><\/p>\n\n\n\n<p><a href=\"https:\/\/dvpb-nw.de\/reaktionen-auf-de-brandbrief-weitere-verbaende-aeussern-sich-zur-abschaffung-des-faches-sozialwissenschaften\/\">https:\/\/dvpb-nw.de\/reaktionen-auf-de-brandbrief-weitere-verbaende-aeussern-sich-zur-abschaffung-des-faches-sozialwissenschaften\/<\/a><\/p>\n\n\n\n<p><a href=\"http:\/\/jusos-bochum.de\/artikel\/bildungsministerin-gebauer-will-das-fach-sozialwissenschaften-abschaffen\/?fbclid=IwAR3TrHcEJgzkPkQdqml7sS2sH5IAf_QtJ6JMJ9W-9MohJF-14QC9bUy_81k\">http:\/\/jusos-bochum.de\/artikel\/bildungsministerin-gebauer-will-das-fach-sozialwissenschaften-abschaffen\/?fbclid=IwAR3TrHcEJgzkPkQdqml7sS2sH5IAf_QtJ6JMJ9W-9MohJF-14QC9bUy_81k<\/a><\/p>\n","protected":false},"excerpt":{"rendered":"<p>Ich hatte das Gl\u00fcck, in Bochum und Madrid Wirtschafts- und Sozialwissenschaften zu studieren und promoviere gerade im Fach Soziologie an der Uni Duisburg-Essen. Die Abschaffung des Schulfachs Sozialwissenschaft in der gymnasialen Oberstufe in NRW, die das Schulministerium gerade plant, finde ich nicht nur deshalb einen echten Skandal. 1. Die ideologische Verengung des Faches auf das [&hellip;]<\/p>\n","protected":false},"author":1,"featured_media":304,"comment_status":"open","ping_status":"open","sticky":false,"template":"","format":"standard","meta":{"ngg_post_thumbnail":0},"categories":[8],"tags":[],"jetpack_featured_media_url":"http:\/\/blog.alexanderknickmeier.de\/wp-content\/uploads\/2021\/01\/people-2557399_1920.jpg","_links":{"self":[{"href":"http:\/\/blog.alexanderknickmeier.de\/index.php?rest_route=\/wp\/v2\/posts\/303"}],"collection":[{"href":"http:\/\/blog.alexanderknickmeier.de\/index.php?rest_route=\/wp\/v2\/posts"}],"about":[{"href":"http:\/\/blog.alexanderknickmeier.de\/index.php?rest_route=\/wp\/v2\/types\/post"}],"author":[{"embeddable":true,"href":"http:\/\/blog.alexanderknickmeier.de\/index.php?rest_route=\/wp\/v2\/users\/1"}],"replies":[{"embeddable":true,"href":"http:\/\/blog.alexanderknickmeier.de\/index.php?rest_route=%2Fwp%2Fv2%2Fcomments&post=303"}],"version-history":[{"count":4,"href":"http:\/\/blog.alexanderknickmeier.de\/index.php?rest_route=\/wp\/v2\/posts\/303\/revisions"}],"predecessor-version":[{"id":308,"href":"http:\/\/blog.alexanderknickmeier.de\/index.php?rest_route=\/wp\/v2\/posts\/303\/revisions\/308"}],"wp:featuredmedia":[{"embeddable":true,"href":"http:\/\/blog.alexanderknickmeier.de\/index.php?rest_route=\/wp\/v2\/media\/304"}],"wp:attachment":[{"href":"http:\/\/blog.alexanderknickmeier.de\/index.php?rest_route=%2Fwp%2Fv2%2Fmedia&parent=303"}],"wp:term":[{"taxonomy":"category","embeddable":true,"href":"http:\/\/blog.alexanderknickmeier.de\/index.php?rest_route=%2Fwp%2Fv2%2Fcategories&post=303"},{"taxonomy":"post_tag","embeddable":true,"href":"http:\/\/blog.alexanderknickmeier.de\/index.php?rest_route=%2Fwp%2Fv2%2Ftags&post=303"}],"curies":[{"name":"wp","href":"https:\/\/api.w.org\/{rel}","templated":true}]}}